{"id":1235,"date":"2024-03-13T20:53:57","date_gmt":"2024-03-13T19:53:57","guid":{"rendered":"http:\/\/www.ecolesaintjoseph.fr\/?p=1235"},"modified":"2024-09-10T13:57:28","modified_gmt":"2024-09-10T12:57:28","slug":"un-projet-pour-lannee-lolympisme","status":"publish","type":"post","link":"http:\/\/www.ecolesaintjoseph.fr\/?p=1235","title":{"rendered":"Le projet pour l&rsquo;ann\u00e9e 2023\/2024 &#8211; L&rsquo;olympisme"},"content":{"rendered":"\n<figure class=\"wp-block-image size-full\"><a href=\"http:\/\/www.ecolesaintjoseph.fr\/wp-content\/uploads\/2024\/03\/image.png\"><img loading=\"lazy\" decoding=\"async\" width=\"1024\" height=\"559\" src=\"http:\/\/www.ecolesaintjoseph.fr\/wp-content\/uploads\/2024\/03\/image.png\" alt=\"\" class=\"wp-image-1242\" srcset=\"http:\/\/www.ecolesaintjoseph.fr\/wp-content\/uploads\/2024\/03\/image.png 1024w, http:\/\/www.ecolesaintjoseph.fr\/wp-content\/uploads\/2024\/03\/image-300x164.png 300w, http:\/\/www.ecolesaintjoseph.fr\/wp-content\/uploads\/2024\/03\/image-768x419.png 768w\" sizes=\"auto, (max-width: 1024px) 100vw, 1024px\" \/><\/a><\/figure>\n\n\n\n<p>Chaque rentr\u00e9e est l\u2019occasion pour l\u2019\u00e9quipe enseignante de pr\u00e9senter aux enfants et aux parents le projet d\u2019ann\u00e9e choisi.&nbsp;<\/p>\n\n\n\n<p>Cette p\u00e9dagogie centr\u00e9e autour d\u2019un projet commun est adapt\u00e9e \u00e0 l\u2019ensemble des classes et \u00e0 l\u2019\u00e2ge des \u00e9l\u00e8ves.<\/p>\n\n\n\n<p>L&rsquo;Olympisme a constitu\u00e9 notre projet pour l&rsquo;ann\u00e9e 2023 \/ 2024.<\/p>\n\n\n\n<p>Toute au long de l\u2019ann\u00e9e nous avons d\u00e9clin\u00e9 ce grand th\u00e8me autour des valeurs d\u2019excellence, de respect et d\u2019amiti\u00e9 qui constituent les fondements du mouvement Olympique.\u00a0<\/p>\n\n\n\n<p>Nous en avons profit\u00e9 pour insister davantage encore sur la pratique du sport, de ses valeurs et de l\u2019importance de l\u2019activit\u00e9 physique dans notre quotidien.<\/p>\n\n\n\n<p>Plusieurs \u00e9v\u00e8nements ont \u00e9t\u00e9 organis\u00e9s au cours de l&rsquo;ann\u00e9e au sein de l&rsquo;\u00e9cole et \u00e0 l&rsquo;ext\u00e9rieur,&nbsp;avec diff\u00e9rents partenaires.<\/p>\n","protected":false},"excerpt":{"rendered":"<p>Chaque rentr\u00e9e est l\u2019occasion pour l\u2019\u00e9quipe enseignante de pr\u00e9senter aux enfants et aux parents le projet d\u2019ann\u00e9e choisi.&nbsp; Cette p\u00e9dagogie &hellip; <\/p>\n","protected":false},"author":1,"featured_media":0,"comment_status":"closed","ping_status":"closed","sticky":false,"template":"","format":"standard","meta":{"footnotes":""},"categories":[1],"tags":[],"class_list":["post-1235","post","type-post","status-publish","format-standard","hentry","category-actualites"],"_links":{"self":[{"href":"http:\/\/www.ecolesaintjoseph.fr\/index.php?rest_route=\/wp\/v2\/posts\/1235","targetHints":{"allow":["GET"]}}],"collection":[{"href":"http:\/\/www.ecolesaintjoseph.fr\/index.php?rest_route=\/wp\/v2\/posts"}],"about":[{"href":"http:\/\/www.ecolesaintjoseph.fr\/index.php?rest_route=\/wp\/v2\/types\/post"}],"author":[{"embeddable":true,"href":"http:\/\/www.ecolesaintjoseph.fr\/index.php?rest_route=\/wp\/v2\/users\/1"}],"replies":[{"embeddable":true,"href":"http:\/\/www.ecolesaintjoseph.fr\/index.php?rest_route=%2Fwp%2Fv2%2Fcomments&post=1235"}],"version-history":[{"count":5,"href":"http:\/\/www.ecolesaintjoseph.fr\/index.php?rest_route=\/wp\/v2\/posts\/1235\/revisions"}],"predecessor-version":[{"id":1371,"href":"http:\/\/www.ecolesaintjoseph.fr\/index.php?rest_route=\/wp\/v2\/posts\/1235\/revisions\/1371"}],"wp:attachment":[{"href":"http:\/\/www.ecolesaintjoseph.fr\/index.php?rest_route=%2Fwp%2Fv2%2Fmedia&parent=1235"}],"wp:term":[{"taxonomy":"category","embeddable":true,"href":"http:\/\/www.ecolesaintjoseph.fr\/index.php?rest_route=%2Fwp%2Fv2%2Fcategories&post=1235"},{"taxonomy":"post_tag","embeddable":true,"href":"http:\/\/www.ecolesaintjoseph.fr\/index.php?rest_route=%2Fwp%2Fv2%2Ftags&post=1235"}],"curies":[{"name":"wp","href":"https:\/\/api.w.org\/{rel}","templated":true}]}}